{"id":8993,"date":"2015-10-07T07:35:21","date_gmt":"2015-10-07T07:35:21","guid":{"rendered":"http:\/\/www.matrix.es\/en\/?p=8993"},"modified":"2015-10-20T07:50:45","modified_gmt":"2015-10-20T07:50:45","slug":"matrix-mtxm2m-to-exhibit-at-at-scewc-smart-city-expo-world-congress-2015","status":"publish","type":"post","link":"https:\/\/www.matrix.es\/en\/news-and-seminars\/latest-news_\/matrix-mtxm2m-to-exhibit-at-at-scewc-smart-city-expo-world-congress-2015","title":{"rendered":"Matrix MTXM2M to exhibit at AT SCEWC Smart City Expo World Congress 2015"},"content":{"rendered":"<div id=\"attachment_9072\" style=\"width: 310px\" class=\"wp-caption alignleft\"><a href=\"http:\/\/www.matrix.es\/wp-content\/uploads\/2015\/10\/MTX-SCE.jpg\"><img loading=\"lazy\" decoding=\"async\" aria-describedby=\"caption-attachment-9072\" class=\"size-medium wp-image-9072\" src=\"http:\/\/www.matrix.es\/wp-content\/uploads\/2015\/10\/MTX-SCE-300x300.jpg\" alt=\"MTX SMARTCITYEXPO\" width=\"300\" height=\"300\" srcset=\"https:\/\/www.matrix.es\/wp-content\/uploads\/2015\/10\/MTX-SCE-300x300.jpg 300w, https:\/\/www.matrix.es\/wp-content\/uploads\/2015\/10\/MTX-SCE-200x200.jpg 200w, https:\/\/www.matrix.es\/wp-content\/uploads\/2015\/10\/MTX-SCE-100x100.jpg 100w, https:\/\/www.matrix.es\/wp-content\/uploads\/2015\/10\/MTX-SCE.jpg 400w, https:\/\/www.matrix.es\/wp-content\/uploads\/2015\/10\/MTX-SCE-80x80.jpg 80w, https:\/\/www.matrix.es\/wp-content\/uploads\/2015\/10\/MTX-SCE-36x36.jpg 36w, https:\/\/www.matrix.es\/wp-content\/uploads\/2015\/10\/MTX-SCE-180x180.jpg 180w\" sizes=\"auto, (max-width: 300px) 100vw, 300px\" \/><\/a><p id=\"caption-attachment-9072\" class=\"wp-caption-text\">Matrix at Smart City Expo Barcelona<\/p><\/div>\n<p>Join Matrix <a href=\"http:\/\/www.mtxm2m.com\" target=\"_blank\">MTXM2M <\/a>at the <a href=\"http:\/\/www.smartcityexpo.com\/home\" target=\"_blank\">Smart City Expo World Congress<\/a> in Gran Via Venue, Barcelona on November 15-17<\/p>\n<p>As a innovative leader in M2M and IoT wireless modems, routers and gateways, MTXM2M will show latest product for Smart City application and scenarios, like MTX-Gateway (Linux core, EHT, RS232\/485, 3G-4G, Wifi and RF cards) or new MTX-HELIOS II (4G+WIFI router) which can be used in applications like metering, smart lighting, mesh network, transport and telemetry.<\/p>\n<p>Explore our powerfull M2M-IoT devices and software and discuss your SmartCity proyect-applicaton with our experts at booth 683 Pabillion 2 aisle F.<\/p>\n","protected":false},"excerpt":{"rendered":"<p>Join Matrix MTXM2M at the Smart City Expo World Congress in Gran Via Venue, Barcelona on November 15-17 As a innovative leader in M2M and IoT wireless modems, routers and gateways, MTXM2M will show latest product for Smart City application and scenarios, like MTX-Gateway (Linux core, EHT, RS232\/485, 3G-4G, Wifi and RF cards) or new [&hellip;]<\/p>\n","protected":false},"author":1,"featured_media":9072,"comment_status":"closed","ping_status":"closed","sticky":false,"template":"","format":"standard","meta":{"footnotes":""},"categories":[1030],"tags":[],"class_list":["post-8993","post","type-post","status-publish","format-standard","has-post-thumbnail","hentry","category-latest-news_"],"yoast_head":"<!-- This site is optimized with the Yoast SEO plugin v25.5 - https:\/\/yoast.com\/wordpress\/plugins\/seo\/ -->\n<title>Matrix MTXM2M to exhibit at AT SCEWC Smart City Expo World Congress 2015 - MATRIX electr\u00f3nica<\/title>\n<meta name=\"robots\" content=\"index, follow, max-snippet:-1, max-image-preview:large, max-video-preview:-1\" \/>\n<link rel=\"canonical\" href=\"https:\/\/www.matrix.es\/en\/news-and-seminars\/latest-news_\/matrix-mtxm2m-to-exhibit-at-at-scewc-smart-city-expo-world-congress-2015\" \/>\n<meta property=\"og:locale\" content=\"en_US\" \/>\n<meta property=\"og:type\" content=\"article\" \/>\n<meta property=\"og:title\" content=\"Matrix MTXM2M to exhibit at AT SCEWC Smart City Expo World Congress 2015 - MATRIX electr\u00f3nica\" \/>\n<meta property=\"og:description\" content=\"Join Matrix MTXM2M at the Smart City Expo World Congress in Gran Via Venue, Barcelona on November 15-17 As a innovative leader in M2M and IoT wireless modems, routers and gateways, MTXM2M will show latest product for Smart City application and scenarios, like MTX-Gateway (Linux core, EHT, RS232\/485, 3G-4G, Wifi and RF cards) or new [&hellip;]\" \/>\n<meta property=\"og:url\" content=\"https:\/\/www.matrix.es\/en\/news-and-seminars\/latest-news_\/matrix-mtxm2m-to-exhibit-at-at-scewc-smart-city-expo-world-congress-2015\" \/>\n<meta property=\"og:site_name\" content=\"MATRIX electr\u00f3nica\" \/>\n<meta property=\"article:published_time\" content=\"2015-10-07T07:35:21+00:00\" \/>\n<meta property=\"article:modified_time\" content=\"2015-10-20T07:50:45+00:00\" \/>\n<meta property=\"og:image\" content=\"https:\/\/www.matrix.es\/wp-content\/uploads\/2015\/10\/MTX-SCE.jpg\" \/>\n\t<meta property=\"og:image:width\" content=\"400\" \/>\n\t<meta property=\"og:image:height\" content=\"400\" \/>\n\t<meta property=\"og:image:type\" content=\"image\/jpeg\" \/>\n<meta name=\"author\" content=\"admin\" \/>\n<meta name=\"twitter:card\" content=\"summary_large_image\" \/>\n<meta name=\"twitter:label1\" content=\"Written by\" \/>\n\t<meta name=\"twitter:data1\" content=\"admin\" \/>\n\t<meta name=\"twitter:label2\" content=\"Est. reading time\" \/>\n\t<meta name=\"twitter:data2\" content=\"1 minute\" \/>\n<script type=\"application\/ld+json\" class=\"yoast-schema-graph\">{\"@context\":\"https:\/\/schema.org\",\"@graph\":[{\"@type\":\"Article\",\"@id\":\"https:\/\/www.matrix.es\/en\/news-and-seminars\/latest-news_\/matrix-mtxm2m-to-exhibit-at-at-scewc-smart-city-expo-world-congress-2015#article\",\"isPartOf\":{\"@id\":\"https:\/\/www.matrix.es\/en\/news-and-seminars\/latest-news_\/matrix-mtxm2m-to-exhibit-at-at-scewc-smart-city-expo-world-congress-2015\"},\"author\":{\"name\":\"admin\",\"@id\":\"https:\/\/www.matrix.es\/#\/schema\/person\/763740c3c5f1a7f09c0eb1173866805d\"},\"headline\":\"Matrix MTXM2M to exhibit at AT SCEWC Smart City Expo World Congress 2015\",\"datePublished\":\"2015-10-07T07:35:21+00:00\",\"dateModified\":\"2015-10-20T07:50:45+00:00\",\"mainEntityOfPage\":{\"@id\":\"https:\/\/www.matrix.es\/en\/news-and-seminars\/latest-news_\/matrix-mtxm2m-to-exhibit-at-at-scewc-smart-city-expo-world-congress-2015\"},\"wordCount\":126,\"publisher\":{\"@id\":\"https:\/\/www.matrix.es\/#organization\"},\"image\":{\"@id\":\"https:\/\/www.matrix.es\/en\/news-and-seminars\/latest-news_\/matrix-mtxm2m-to-exhibit-at-at-scewc-smart-city-expo-world-congress-2015#primaryimage\"},\"thumbnailUrl\":\"https:\/\/www.matrix.es\/wp-content\/uploads\/2015\/10\/MTX-SCE.jpg\",\"articleSection\":[\"Ultimas-Novedades\"],\"inLanguage\":\"en-US\"},{\"@type\":\"WebPage\",\"@id\":\"https:\/\/www.matrix.es\/en\/news-and-seminars\/latest-news_\/matrix-mtxm2m-to-exhibit-at-at-scewc-smart-city-expo-world-congress-2015\",\"url\":\"https:\/\/www.matrix.es\/en\/news-and-seminars\/latest-news_\/matrix-mtxm2m-to-exhibit-at-at-scewc-smart-city-expo-world-congress-2015\",\"name\":\"Matrix MTXM2M to exhibit at AT SCEWC Smart City Expo World Congress 2015 - MATRIX electr\u00f3nica\",\"isPartOf\":{\"@id\":\"https:\/\/www.matrix.es\/#website\"},\"primaryImageOfPage\":{\"@id\":\"https:\/\/www.matrix.es\/en\/news-and-seminars\/latest-news_\/matrix-mtxm2m-to-exhibit-at-at-scewc-smart-city-expo-world-congress-2015#primaryimage\"},\"image\":{\"@id\":\"https:\/\/www.matrix.es\/en\/news-and-seminars\/latest-news_\/matrix-mtxm2m-to-exhibit-at-at-scewc-smart-city-expo-world-congress-2015#primaryimage\"},\"thumbnailUrl\":\"https:\/\/www.matrix.es\/wp-content\/uploads\/2015\/10\/MTX-SCE.jpg\",\"datePublished\":\"2015-10-07T07:35:21+00:00\",\"dateModified\":\"2015-10-20T07:50:45+00:00\",\"breadcrumb\":{\"@id\":\"https:\/\/www.matrix.es\/en\/news-and-seminars\/latest-news_\/matrix-mtxm2m-to-exhibit-at-at-scewc-smart-city-expo-world-congress-2015#breadcrumb\"},\"inLanguage\":\"en-US\",\"potentialAction\":[{\"@type\":\"ReadAction\",\"target\":[\"https:\/\/www.matrix.es\/en\/news-and-seminars\/latest-news_\/matrix-mtxm2m-to-exhibit-at-at-scewc-smart-city-expo-world-congress-2015\"]}]},{\"@type\":\"ImageObject\",\"inLanguage\":\"en-US\",\"@id\":\"https:\/\/www.matrix.es\/en\/news-and-seminars\/latest-news_\/matrix-mtxm2m-to-exhibit-at-at-scewc-smart-city-expo-world-congress-2015#primaryimage\",\"url\":\"https:\/\/www.matrix.es\/wp-content\/uploads\/2015\/10\/MTX-SCE.jpg\",\"contentUrl\":\"https:\/\/www.matrix.es\/wp-content\/uploads\/2015\/10\/MTX-SCE.jpg\",\"width\":400,\"height\":400,\"caption\":\"Matrix at Smart City Expo Barcelona\"},{\"@type\":\"BreadcrumbList\",\"@id\":\"https:\/\/www.matrix.es\/en\/news-and-seminars\/latest-news_\/matrix-mtxm2m-to-exhibit-at-at-scewc-smart-city-expo-world-congress-2015#breadcrumb\",\"itemListElement\":[{\"@type\":\"ListItem\",\"position\":1,\"name\":\"Portada\",\"item\":\"https:\/\/www.matrix.es\/en\"},{\"@type\":\"ListItem\",\"position\":2,\"name\":\"Matrix MTXM2M to exhibit at AT SCEWC Smart City Expo World Congress 2015\"}]},{\"@type\":\"WebSite\",\"@id\":\"https:\/\/www.matrix.es\/#website\",\"url\":\"https:\/\/www.matrix.es\/\",\"name\":\"MATRIX electr\u00f3nica\",\"description\":\"Componentes, m\u00f3dulos y dispositivos electr\u00f3nicos para dise\u00f1adores e integradores de sistemas\",\"publisher\":{\"@id\":\"https:\/\/www.matrix.es\/#organization\"},\"potentialAction\":[{\"@type\":\"SearchAction\",\"target\":{\"@type\":\"EntryPoint\",\"urlTemplate\":\"https:\/\/www.matrix.es\/?s={search_term_string}\"},\"query-input\":{\"@type\":\"PropertyValueSpecification\",\"valueRequired\":true,\"valueName\":\"search_term_string\"}}],\"inLanguage\":\"en-US\"},{\"@type\":\"Organization\",\"@id\":\"https:\/\/www.matrix.es\/#organization\",\"name\":\"MATRIX Electronica, S.L.\",\"url\":\"https:\/\/www.matrix.es\/\",\"logo\":{\"@type\":\"ImageObject\",\"inLanguage\":\"en-US\",\"@id\":\"https:\/\/www.matrix.es\/#\/schema\/logo\/image\/\",\"url\":\"https:\/\/www.matrix.es\/wp-content\/uploads\/2022\/01\/Logo.png\",\"contentUrl\":\"https:\/\/www.matrix.es\/wp-content\/uploads\/2022\/01\/Logo.png\",\"width\":286,\"height\":120,\"caption\":\"MATRIX Electronica, S.L.\"},\"image\":{\"@id\":\"https:\/\/www.matrix.es\/#\/schema\/logo\/image\/\"}},{\"@type\":\"Person\",\"@id\":\"https:\/\/www.matrix.es\/#\/schema\/person\/763740c3c5f1a7f09c0eb1173866805d\",\"name\":\"admin\",\"url\":\"https:\/\/www.matrix.es\/en\/author\/admin\"}]}<\/script>\n<!-- \/ Yoast SEO plugin. -->","yoast_head_json":{"title":"Matrix MTXM2M to exhibit at AT SCEWC Smart City Expo World Congress 2015 - MATRIX electr\u00f3nica","robots":{"index":"index","follow":"follow","max-snippet":"max-snippet:-1","max-image-preview":"max-image-preview:large","max-video-preview":"max-video-preview:-1"},"canonical":"https:\/\/www.matrix.es\/en\/news-and-seminars\/latest-news_\/matrix-mtxm2m-to-exhibit-at-at-scewc-smart-city-expo-world-congress-2015","og_locale":"en_US","og_type":"article","og_title":"Matrix MTXM2M to exhibit at AT SCEWC Smart City Expo World Congress 2015 - MATRIX electr\u00f3nica","og_description":"Join Matrix MTXM2M at the Smart City Expo World Congress in Gran Via Venue, Barcelona on November 15-17 As a innovative leader in M2M and IoT wireless modems, routers and gateways, MTXM2M will show latest product for Smart City application and scenarios, like MTX-Gateway (Linux core, EHT, RS232\/485, 3G-4G, Wifi and RF cards) or new [&hellip;]","og_url":"https:\/\/www.matrix.es\/en\/news-and-seminars\/latest-news_\/matrix-mtxm2m-to-exhibit-at-at-scewc-smart-city-expo-world-congress-2015","og_site_name":"MATRIX electr\u00f3nica","article_published_time":"2015-10-07T07:35:21+00:00","article_modified_time":"2015-10-20T07:50:45+00:00","og_image":[{"width":400,"height":400,"url":"https:\/\/www.matrix.es\/wp-content\/uploads\/2015\/10\/MTX-SCE.jpg","type":"image\/jpeg"}],"author":"admin","twitter_card":"summary_large_image","twitter_misc":{"Written by":"admin","Est. reading time":"1 minute"},"schema":{"@context":"https:\/\/schema.org","@graph":[{"@type":"Article","@id":"https:\/\/www.matrix.es\/en\/news-and-seminars\/latest-news_\/matrix-mtxm2m-to-exhibit-at-at-scewc-smart-city-expo-world-congress-2015#article","isPartOf":{"@id":"https:\/\/www.matrix.es\/en\/news-and-seminars\/latest-news_\/matrix-mtxm2m-to-exhibit-at-at-scewc-smart-city-expo-world-congress-2015"},"author":{"name":"admin","@id":"https:\/\/www.matrix.es\/#\/schema\/person\/763740c3c5f1a7f09c0eb1173866805d"},"headline":"Matrix MTXM2M to exhibit at AT SCEWC Smart City Expo World Congress 2015","datePublished":"2015-10-07T07:35:21+00:00","dateModified":"2015-10-20T07:50:45+00:00","mainEntityOfPage":{"@id":"https:\/\/www.matrix.es\/en\/news-and-seminars\/latest-news_\/matrix-mtxm2m-to-exhibit-at-at-scewc-smart-city-expo-world-congress-2015"},"wordCount":126,"publisher":{"@id":"https:\/\/www.matrix.es\/#organization"},"image":{"@id":"https:\/\/www.matrix.es\/en\/news-and-seminars\/latest-news_\/matrix-mtxm2m-to-exhibit-at-at-scewc-smart-city-expo-world-congress-2015#primaryimage"},"thumbnailUrl":"https:\/\/www.matrix.es\/wp-content\/uploads\/2015\/10\/MTX-SCE.jpg","articleSection":["Ultimas-Novedades"],"inLanguage":"en-US"},{"@type":"WebPage","@id":"https:\/\/www.matrix.es\/en\/news-and-seminars\/latest-news_\/matrix-mtxm2m-to-exhibit-at-at-scewc-smart-city-expo-world-congress-2015","url":"https:\/\/www.matrix.es\/en\/news-and-seminars\/latest-news_\/matrix-mtxm2m-to-exhibit-at-at-scewc-smart-city-expo-world-congress-2015","name":"Matrix MTXM2M to exhibit at AT SCEWC Smart City Expo World Congress 2015 - MATRIX electr\u00f3nica","isPartOf":{"@id":"https:\/\/www.matrix.es\/#website"},"primaryImageOfPage":{"@id":"https:\/\/www.matrix.es\/en\/news-and-seminars\/latest-news_\/matrix-mtxm2m-to-exhibit-at-at-scewc-smart-city-expo-world-congress-2015#primaryimage"},"image":{"@id":"https:\/\/www.matrix.es\/en\/news-and-seminars\/latest-news_\/matrix-mtxm2m-to-exhibit-at-at-scewc-smart-city-expo-world-congress-2015#primaryimage"},"thumbnailUrl":"https:\/\/www.matrix.es\/wp-content\/uploads\/2015\/10\/MTX-SCE.jpg","datePublished":"2015-10-07T07:35:21+00:00","dateModified":"2015-10-20T07:50:45+00:00","breadcrumb":{"@id":"https:\/\/www.matrix.es\/en\/news-and-seminars\/latest-news_\/matrix-mtxm2m-to-exhibit-at-at-scewc-smart-city-expo-world-congress-2015#breadcrumb"},"inLanguage":"en-US","potentialAction":[{"@type":"ReadAction","target":["https:\/\/www.matrix.es\/en\/news-and-seminars\/latest-news_\/matrix-mtxm2m-to-exhibit-at-at-scewc-smart-city-expo-world-congress-2015"]}]},{"@type":"ImageObject","inLanguage":"en-US","@id":"https:\/\/www.matrix.es\/en\/news-and-seminars\/latest-news_\/matrix-mtxm2m-to-exhibit-at-at-scewc-smart-city-expo-world-congress-2015#primaryimage","url":"https:\/\/www.matrix.es\/wp-content\/uploads\/2015\/10\/MTX-SCE.jpg","contentUrl":"https:\/\/www.matrix.es\/wp-content\/uploads\/2015\/10\/MTX-SCE.jpg","width":400,"height":400,"caption":"Matrix at Smart City Expo Barcelona"},{"@type":"BreadcrumbList","@id":"https:\/\/www.matrix.es\/en\/news-and-seminars\/latest-news_\/matrix-mtxm2m-to-exhibit-at-at-scewc-smart-city-expo-world-congress-2015#breadcrumb","itemListElement":[{"@type":"ListItem","position":1,"name":"Portada","item":"https:\/\/www.matrix.es\/en"},{"@type":"ListItem","position":2,"name":"Matrix MTXM2M to exhibit at AT SCEWC Smart City Expo World Congress 2015"}]},{"@type":"WebSite","@id":"https:\/\/www.matrix.es\/#website","url":"https:\/\/www.matrix.es\/","name":"MATRIX electr\u00f3nica","description":"Componentes, m\u00f3dulos y dispositivos electr\u00f3nicos para dise\u00f1adores e integradores de sistemas","publisher":{"@id":"https:\/\/www.matrix.es\/#organization"},"potentialAction":[{"@type":"SearchAction","target":{"@type":"EntryPoint","urlTemplate":"https:\/\/www.matrix.es\/?s={search_term_string}"},"query-input":{"@type":"PropertyValueSpecification","valueRequired":true,"valueName":"search_term_string"}}],"inLanguage":"en-US"},{"@type":"Organization","@id":"https:\/\/www.matrix.es\/#organization","name":"MATRIX Electronica, S.L.","url":"https:\/\/www.matrix.es\/","logo":{"@type":"ImageObject","inLanguage":"en-US","@id":"https:\/\/www.matrix.es\/#\/schema\/logo\/image\/","url":"https:\/\/www.matrix.es\/wp-content\/uploads\/2022\/01\/Logo.png","contentUrl":"https:\/\/www.matrix.es\/wp-content\/uploads\/2022\/01\/Logo.png","width":286,"height":120,"caption":"MATRIX Electronica, S.L."},"image":{"@id":"https:\/\/www.matrix.es\/#\/schema\/logo\/image\/"}},{"@type":"Person","@id":"https:\/\/www.matrix.es\/#\/schema\/person\/763740c3c5f1a7f09c0eb1173866805d","name":"admin","url":"https:\/\/www.matrix.es\/en\/author\/admin"}]}},"_links":{"self":[{"href":"https:\/\/www.matrix.es\/en\/wp-json\/wp\/v2\/posts\/8993","targetHints":{"allow":["GET"]}}],"collection":[{"href":"https:\/\/www.matrix.es\/en\/wp-json\/wp\/v2\/posts"}],"about":[{"href":"https:\/\/www.matrix.es\/en\/wp-json\/wp\/v2\/types\/post"}],"author":[{"embeddable":true,"href":"https:\/\/www.matrix.es\/en\/wp-json\/wp\/v2\/users\/1"}],"replies":[{"embeddable":true,"href":"https:\/\/www.matrix.es\/en\/wp-json\/wp\/v2\/comments?post=8993"}],"version-history":[{"count":0,"href":"https:\/\/www.matrix.es\/en\/wp-json\/wp\/v2\/posts\/8993\/revisions"}],"wp:featuredmedia":[{"embeddable":true,"href":"https:\/\/www.matrix.es\/en\/wp-json\/wp\/v2\/media\/9072"}],"wp:attachment":[{"href":"https:\/\/www.matrix.es\/en\/wp-json\/wp\/v2\/media?parent=8993"}],"wp:term":[{"taxonomy":"category","embeddable":true,"href":"https:\/\/www.matrix.es\/en\/wp-json\/wp\/v2\/categories?post=8993"},{"taxonomy":"post_tag","embeddable":true,"href":"https:\/\/www.matrix.es\/en\/wp-json\/wp\/v2\/tags?post=8993"}],"curies":[{"name":"wp","href":"https:\/\/api.w.org\/{rel}","templated":true}]}}