{"id":7247,"date":"2014-11-19T21:32:28","date_gmt":"2014-11-19T21:32:28","guid":{"rendered":"http:\/\/mtxprd.jdnsoftware.com\/en\/uncategorized\/exito-de-los-modem-inalambricos-m2m-iot-en-la-feria-electronica-munich-nov-2014"},"modified":"2015-07-24T20:53:12","modified_gmt":"2015-07-24T20:53:12","slug":"exito-de-los-modem-inalambricos-m2m-iot-en-la-feria-electronica-munich-nov-2014","status":"publish","type":"post","link":"https:\/\/www.matrix.es\/en\/news-and-seminars\/latest-news_\/exito-de-los-modem-inalambricos-m2m-iot-en-la-feria-electronica-munich-nov-2014","title":{"rendered":"MTXM2M products exhibited in Electronica Munich 2014"},"content":{"rendered":"<div class=\"attribute-short\">\n<div class=\"info\">\n<div class=\"holder\">\n<p>Fortec AG, distributor of MTXM2M products in Germany in partership, has successly exhibited and demostrate our M2M-IoT solutions<\/p>\n<\/div>\n<\/div>\n<\/div>\n<div class=\"attribute-image\"><img loading=\"lazy\" decoding=\"async\" class=\" alignleft\" title=\"MTXM2M products exhibited in Electronica Munich 2014\" src=\"http:\/\/www.matrix.es\/var\/ezwebin_site\/storage\/images\/novedades-y-formacion\/ultimas-novedades\/exito-de-los-modem-inalambricos-m2m-iot-en-la-feria-electronica-munich-nov-2014\/99350-3-esl-ES\/Exito-de-los-modem-inalambricos-M2M-IoT-en-la-feria-Electronica-Munich-Nov-2014_article_full.jpg\" alt=\"MTXM2M products exhibited in Electronica Munich 2014\" width=\"242\" height=\"173\" \/><\/div>\n<div class=\"attribute-long\">\n<p>Fortec AG, in collaboration with MTXTM2M as hardware wireles modem terminal manufacturer, together with Wireless Logic (same in Spain) partnership as M2M managed services, has successfully perfomed an on-line demostration of telemetry application.<\/p>\n<p>Also, MTX-GATEWAY OEM industrial version and new-born compact MTX-GTW Linux based terminals has been the most exciting products in the show as they have plenty of features 2G,3G,4G and RF communications and connections, avoiding expensives PLCs or industrial PC.<\/p>\n<\/div>\n","protected":false},"excerpt":{"rendered":"<p>Fortec AG, distributor of MTXM2M products in Germany in partership, has successly exhibited and demostrate our M2M-IoT solutions Fortec AG, in collaboration with MTXTM2M as hardware wireles modem terminal manufacturer, together with Wireless Logic (same in Spain) partnership as M2M managed services, has successfully perfomed an on-line demostration of telemetry application. Also, MTX-GATEWAY OEM industrial [&hellip;]<\/p>\n","protected":false},"author":1,"featured_media":6957,"comment_status":"closed","ping_status":"closed","sticky":false,"template":"","format":"standard","meta":{"footnotes":""},"categories":[1030],"tags":[],"class_list":["post-7247","post","type-post","status-publish","format-standard","has-post-thumbnail","hentry","category-latest-news_"],"yoast_head":"<!-- This site is optimized with the Yoast SEO plugin v25.5 - https:\/\/yoast.com\/wordpress\/plugins\/seo\/ -->\n<title>MTXM2M products exhibited in Electronica Munich 2014 - MATRIX electr\u00f3nica<\/title>\n<meta name=\"robots\" content=\"index, follow, max-snippet:-1, max-image-preview:large, max-video-preview:-1\" \/>\n<link rel=\"canonical\" href=\"https:\/\/www.matrix.es\/en\/news-and-seminars\/latest-news_\/exito-de-los-modem-inalambricos-m2m-iot-en-la-feria-electronica-munich-nov-2014\" \/>\n<meta property=\"og:locale\" content=\"en_US\" \/>\n<meta property=\"og:type\" content=\"article\" \/>\n<meta property=\"og:title\" content=\"MTXM2M products exhibited in Electronica Munich 2014 - MATRIX electr\u00f3nica\" \/>\n<meta property=\"og:description\" content=\"Fortec AG, distributor of MTXM2M products in Germany in partership, has successly exhibited and demostrate our M2M-IoT solutions Fortec AG, in collaboration with MTXTM2M as hardware wireles modem terminal manufacturer, together with Wireless Logic (same in Spain) partnership as M2M managed services, has successfully perfomed an on-line demostration of telemetry application. Also, MTX-GATEWAY OEM industrial [&hellip;]\" \/>\n<meta property=\"og:url\" content=\"https:\/\/www.matrix.es\/en\/news-and-seminars\/latest-news_\/exito-de-los-modem-inalambricos-m2m-iot-en-la-feria-electronica-munich-nov-2014\" \/>\n<meta property=\"og:site_name\" content=\"MATRIX electr\u00f3nica\" \/>\n<meta property=\"article:published_time\" content=\"2014-11-19T21:32:28+00:00\" \/>\n<meta property=\"article:modified_time\" content=\"2015-07-24T20:53:12+00:00\" \/>\n<meta property=\"og:image\" content=\"https:\/\/www.matrix.es\/wp-content\/uploads\/2015\/07\/Exito-de-los-modem-inalambricos-M2M-IoT-en-la-feria-Electronica-Munich-Nov-2014_article_full.jpg\" \/>\n\t<meta property=\"og:image:width\" content=\"285\" \/>\n\t<meta property=\"og:image:height\" content=\"204\" \/>\n\t<meta property=\"og:image:type\" content=\"image\/jpeg\" \/>\n<meta name=\"author\" content=\"admin\" \/>\n<meta name=\"twitter:card\" content=\"summary_large_image\" \/>\n<meta name=\"twitter:label1\" content=\"Written by\" \/>\n\t<meta name=\"twitter:data1\" content=\"admin\" \/>\n<script type=\"application\/ld+json\" class=\"yoast-schema-graph\">{\"@context\":\"https:\/\/schema.org\",\"@graph\":[{\"@type\":\"Article\",\"@id\":\"https:\/\/www.matrix.es\/en\/news-and-seminars\/latest-news_\/exito-de-los-modem-inalambricos-m2m-iot-en-la-feria-electronica-munich-nov-2014#article\",\"isPartOf\":{\"@id\":\"https:\/\/www.matrix.es\/en\/news-and-seminars\/latest-news_\/exito-de-los-modem-inalambricos-m2m-iot-en-la-feria-electronica-munich-nov-2014\"},\"author\":{\"name\":\"admin\",\"@id\":\"https:\/\/www.matrix.es\/#\/schema\/person\/763740c3c5f1a7f09c0eb1173866805d\"},\"headline\":\"MTXM2M products exhibited in Electronica Munich 2014\",\"datePublished\":\"2014-11-19T21:32:28+00:00\",\"dateModified\":\"2015-07-24T20:53:12+00:00\",\"mainEntityOfPage\":{\"@id\":\"https:\/\/www.matrix.es\/en\/news-and-seminars\/latest-news_\/exito-de-los-modem-inalambricos-m2m-iot-en-la-feria-electronica-munich-nov-2014\"},\"wordCount\":103,\"publisher\":{\"@id\":\"https:\/\/www.matrix.es\/#organization\"},\"image\":{\"@id\":\"https:\/\/www.matrix.es\/en\/news-and-seminars\/latest-news_\/exito-de-los-modem-inalambricos-m2m-iot-en-la-feria-electronica-munich-nov-2014#primaryimage\"},\"thumbnailUrl\":\"https:\/\/www.matrix.es\/wp-content\/uploads\/2015\/07\/Exito-de-los-modem-inalambricos-M2M-IoT-en-la-feria-Electronica-Munich-Nov-2014_article_full.jpg\",\"articleSection\":[\"Ultimas-Novedades\"],\"inLanguage\":\"en-US\"},{\"@type\":\"WebPage\",\"@id\":\"https:\/\/www.matrix.es\/en\/news-and-seminars\/latest-news_\/exito-de-los-modem-inalambricos-m2m-iot-en-la-feria-electronica-munich-nov-2014\",\"url\":\"https:\/\/www.matrix.es\/en\/news-and-seminars\/latest-news_\/exito-de-los-modem-inalambricos-m2m-iot-en-la-feria-electronica-munich-nov-2014\",\"name\":\"MTXM2M products exhibited in Electronica Munich 2014 - MATRIX electr\u00f3nica\",\"isPartOf\":{\"@id\":\"https:\/\/www.matrix.es\/#website\"},\"primaryImageOfPage\":{\"@id\":\"https:\/\/www.matrix.es\/en\/news-and-seminars\/latest-news_\/exito-de-los-modem-inalambricos-m2m-iot-en-la-feria-electronica-munich-nov-2014#primaryimage\"},\"image\":{\"@id\":\"https:\/\/www.matrix.es\/en\/news-and-seminars\/latest-news_\/exito-de-los-modem-inalambricos-m2m-iot-en-la-feria-electronica-munich-nov-2014#primaryimage\"},\"thumbnailUrl\":\"https:\/\/www.matrix.es\/wp-content\/uploads\/2015\/07\/Exito-de-los-modem-inalambricos-M2M-IoT-en-la-feria-Electronica-Munich-Nov-2014_article_full.jpg\",\"datePublished\":\"2014-11-19T21:32:28+00:00\",\"dateModified\":\"2015-07-24T20:53:12+00:00\",\"breadcrumb\":{\"@id\":\"https:\/\/www.matrix.es\/en\/news-and-seminars\/latest-news_\/exito-de-los-modem-inalambricos-m2m-iot-en-la-feria-electronica-munich-nov-2014#breadcrumb\"},\"inLanguage\":\"en-US\",\"potentialAction\":[{\"@type\":\"ReadAction\",\"target\":[\"https:\/\/www.matrix.es\/en\/news-and-seminars\/latest-news_\/exito-de-los-modem-inalambricos-m2m-iot-en-la-feria-electronica-munich-nov-2014\"]}]},{\"@type\":\"ImageObject\",\"inLanguage\":\"en-US\",\"@id\":\"https:\/\/www.matrix.es\/en\/news-and-seminars\/latest-news_\/exito-de-los-modem-inalambricos-m2m-iot-en-la-feria-electronica-munich-nov-2014#primaryimage\",\"url\":\"https:\/\/www.matrix.es\/wp-content\/uploads\/2015\/07\/Exito-de-los-modem-inalambricos-M2M-IoT-en-la-feria-Electronica-Munich-Nov-2014_article_full.jpg\",\"contentUrl\":\"https:\/\/www.matrix.es\/wp-content\/uploads\/2015\/07\/Exito-de-los-modem-inalambricos-M2M-IoT-en-la-feria-Electronica-Munich-Nov-2014_article_full.jpg\",\"width\":285,\"height\":204},{\"@type\":\"BreadcrumbList\",\"@id\":\"https:\/\/www.matrix.es\/en\/news-and-seminars\/latest-news_\/exito-de-los-modem-inalambricos-m2m-iot-en-la-feria-electronica-munich-nov-2014#breadcrumb\",\"itemListElement\":[{\"@type\":\"ListItem\",\"position\":1,\"name\":\"Portada\",\"item\":\"https:\/\/www.matrix.es\/en\"},{\"@type\":\"ListItem\",\"position\":2,\"name\":\"MTXM2M products exhibited in Electronica Munich 2014\"}]},{\"@type\":\"WebSite\",\"@id\":\"https:\/\/www.matrix.es\/#website\",\"url\":\"https:\/\/www.matrix.es\/\",\"name\":\"MATRIX electr\u00f3nica\",\"description\":\"Componentes, m\u00f3dulos y dispositivos electr\u00f3nicos para dise\u00f1adores e integradores de sistemas\",\"publisher\":{\"@id\":\"https:\/\/www.matrix.es\/#organization\"},\"potentialAction\":[{\"@type\":\"SearchAction\",\"target\":{\"@type\":\"EntryPoint\",\"urlTemplate\":\"https:\/\/www.matrix.es\/?s={search_term_string}\"},\"query-input\":{\"@type\":\"PropertyValueSpecification\",\"valueRequired\":true,\"valueName\":\"search_term_string\"}}],\"inLanguage\":\"en-US\"},{\"@type\":\"Organization\",\"@id\":\"https:\/\/www.matrix.es\/#organization\",\"name\":\"MATRIX Electronica, S.L.\",\"url\":\"https:\/\/www.matrix.es\/\",\"logo\":{\"@type\":\"ImageObject\",\"inLanguage\":\"en-US\",\"@id\":\"https:\/\/www.matrix.es\/#\/schema\/logo\/image\/\",\"url\":\"https:\/\/www.matrix.es\/wp-content\/uploads\/2022\/01\/Logo.png\",\"contentUrl\":\"https:\/\/www.matrix.es\/wp-content\/uploads\/2022\/01\/Logo.png\",\"width\":286,\"height\":120,\"caption\":\"MATRIX Electronica, S.L.\"},\"image\":{\"@id\":\"https:\/\/www.matrix.es\/#\/schema\/logo\/image\/\"}},{\"@type\":\"Person\",\"@id\":\"https:\/\/www.matrix.es\/#\/schema\/person\/763740c3c5f1a7f09c0eb1173866805d\",\"name\":\"admin\",\"url\":\"https:\/\/www.matrix.es\/en\/author\/admin\"}]}<\/script>\n<!-- \/ Yoast SEO plugin. -->","yoast_head_json":{"title":"MTXM2M products exhibited in Electronica Munich 2014 - MATRIX electr\u00f3nica","robots":{"index":"index","follow":"follow","max-snippet":"max-snippet:-1","max-image-preview":"max-image-preview:large","max-video-preview":"max-video-preview:-1"},"canonical":"https:\/\/www.matrix.es\/en\/news-and-seminars\/latest-news_\/exito-de-los-modem-inalambricos-m2m-iot-en-la-feria-electronica-munich-nov-2014","og_locale":"en_US","og_type":"article","og_title":"MTXM2M products exhibited in Electronica Munich 2014 - MATRIX electr\u00f3nica","og_description":"Fortec AG, distributor of MTXM2M products in Germany in partership, has successly exhibited and demostrate our M2M-IoT solutions Fortec AG, in collaboration with MTXTM2M as hardware wireles modem terminal manufacturer, together with Wireless Logic (same in Spain) partnership as M2M managed services, has successfully perfomed an on-line demostration of telemetry application. Also, MTX-GATEWAY OEM industrial [&hellip;]","og_url":"https:\/\/www.matrix.es\/en\/news-and-seminars\/latest-news_\/exito-de-los-modem-inalambricos-m2m-iot-en-la-feria-electronica-munich-nov-2014","og_site_name":"MATRIX electr\u00f3nica","article_published_time":"2014-11-19T21:32:28+00:00","article_modified_time":"2015-07-24T20:53:12+00:00","og_image":[{"width":285,"height":204,"url":"https:\/\/www.matrix.es\/wp-content\/uploads\/2015\/07\/Exito-de-los-modem-inalambricos-M2M-IoT-en-la-feria-Electronica-Munich-Nov-2014_article_full.jpg","type":"image\/jpeg"}],"author":"admin","twitter_card":"summary_large_image","twitter_misc":{"Written by":"admin"},"schema":{"@context":"https:\/\/schema.org","@graph":[{"@type":"Article","@id":"https:\/\/www.matrix.es\/en\/news-and-seminars\/latest-news_\/exito-de-los-modem-inalambricos-m2m-iot-en-la-feria-electronica-munich-nov-2014#article","isPartOf":{"@id":"https:\/\/www.matrix.es\/en\/news-and-seminars\/latest-news_\/exito-de-los-modem-inalambricos-m2m-iot-en-la-feria-electronica-munich-nov-2014"},"author":{"name":"admin","@id":"https:\/\/www.matrix.es\/#\/schema\/person\/763740c3c5f1a7f09c0eb1173866805d"},"headline":"MTXM2M products exhibited in Electronica Munich 2014","datePublished":"2014-11-19T21:32:28+00:00","dateModified":"2015-07-24T20:53:12+00:00","mainEntityOfPage":{"@id":"https:\/\/www.matrix.es\/en\/news-and-seminars\/latest-news_\/exito-de-los-modem-inalambricos-m2m-iot-en-la-feria-electronica-munich-nov-2014"},"wordCount":103,"publisher":{"@id":"https:\/\/www.matrix.es\/#organization"},"image":{"@id":"https:\/\/www.matrix.es\/en\/news-and-seminars\/latest-news_\/exito-de-los-modem-inalambricos-m2m-iot-en-la-feria-electronica-munich-nov-2014#primaryimage"},"thumbnailUrl":"https:\/\/www.matrix.es\/wp-content\/uploads\/2015\/07\/Exito-de-los-modem-inalambricos-M2M-IoT-en-la-feria-Electronica-Munich-Nov-2014_article_full.jpg","articleSection":["Ultimas-Novedades"],"inLanguage":"en-US"},{"@type":"WebPage","@id":"https:\/\/www.matrix.es\/en\/news-and-seminars\/latest-news_\/exito-de-los-modem-inalambricos-m2m-iot-en-la-feria-electronica-munich-nov-2014","url":"https:\/\/www.matrix.es\/en\/news-and-seminars\/latest-news_\/exito-de-los-modem-inalambricos-m2m-iot-en-la-feria-electronica-munich-nov-2014","name":"MTXM2M products exhibited in Electronica Munich 2014 - MATRIX electr\u00f3nica","isPartOf":{"@id":"https:\/\/www.matrix.es\/#website"},"primaryImageOfPage":{"@id":"https:\/\/www.matrix.es\/en\/news-and-seminars\/latest-news_\/exito-de-los-modem-inalambricos-m2m-iot-en-la-feria-electronica-munich-nov-2014#primaryimage"},"image":{"@id":"https:\/\/www.matrix.es\/en\/news-and-seminars\/latest-news_\/exito-de-los-modem-inalambricos-m2m-iot-en-la-feria-electronica-munich-nov-2014#primaryimage"},"thumbnailUrl":"https:\/\/www.matrix.es\/wp-content\/uploads\/2015\/07\/Exito-de-los-modem-inalambricos-M2M-IoT-en-la-feria-Electronica-Munich-Nov-2014_article_full.jpg","datePublished":"2014-11-19T21:32:28+00:00","dateModified":"2015-07-24T20:53:12+00:00","breadcrumb":{"@id":"https:\/\/www.matrix.es\/en\/news-and-seminars\/latest-news_\/exito-de-los-modem-inalambricos-m2m-iot-en-la-feria-electronica-munich-nov-2014#breadcrumb"},"inLanguage":"en-US","potentialAction":[{"@type":"ReadAction","target":["https:\/\/www.matrix.es\/en\/news-and-seminars\/latest-news_\/exito-de-los-modem-inalambricos-m2m-iot-en-la-feria-electronica-munich-nov-2014"]}]},{"@type":"ImageObject","inLanguage":"en-US","@id":"https:\/\/www.matrix.es\/en\/news-and-seminars\/latest-news_\/exito-de-los-modem-inalambricos-m2m-iot-en-la-feria-electronica-munich-nov-2014#primaryimage","url":"https:\/\/www.matrix.es\/wp-content\/uploads\/2015\/07\/Exito-de-los-modem-inalambricos-M2M-IoT-en-la-feria-Electronica-Munich-Nov-2014_article_full.jpg","contentUrl":"https:\/\/www.matrix.es\/wp-content\/uploads\/2015\/07\/Exito-de-los-modem-inalambricos-M2M-IoT-en-la-feria-Electronica-Munich-Nov-2014_article_full.jpg","width":285,"height":204},{"@type":"BreadcrumbList","@id":"https:\/\/www.matrix.es\/en\/news-and-seminars\/latest-news_\/exito-de-los-modem-inalambricos-m2m-iot-en-la-feria-electronica-munich-nov-2014#breadcrumb","itemListElement":[{"@type":"ListItem","position":1,"name":"Portada","item":"https:\/\/www.matrix.es\/en"},{"@type":"ListItem","position":2,"name":"MTXM2M products exhibited in Electronica Munich 2014"}]},{"@type":"WebSite","@id":"https:\/\/www.matrix.es\/#website","url":"https:\/\/www.matrix.es\/","name":"MATRIX electr\u00f3nica","description":"Componentes, m\u00f3dulos y dispositivos electr\u00f3nicos para dise\u00f1adores e integradores de sistemas","publisher":{"@id":"https:\/\/www.matrix.es\/#organization"},"potentialAction":[{"@type":"SearchAction","target":{"@type":"EntryPoint","urlTemplate":"https:\/\/www.matrix.es\/?s={search_term_string}"},"query-input":{"@type":"PropertyValueSpecification","valueRequired":true,"valueName":"search_term_string"}}],"inLanguage":"en-US"},{"@type":"Organization","@id":"https:\/\/www.matrix.es\/#organization","name":"MATRIX Electronica, S.L.","url":"https:\/\/www.matrix.es\/","logo":{"@type":"ImageObject","inLanguage":"en-US","@id":"https:\/\/www.matrix.es\/#\/schema\/logo\/image\/","url":"https:\/\/www.matrix.es\/wp-content\/uploads\/2022\/01\/Logo.png","contentUrl":"https:\/\/www.matrix.es\/wp-content\/uploads\/2022\/01\/Logo.png","width":286,"height":120,"caption":"MATRIX Electronica, S.L."},"image":{"@id":"https:\/\/www.matrix.es\/#\/schema\/logo\/image\/"}},{"@type":"Person","@id":"https:\/\/www.matrix.es\/#\/schema\/person\/763740c3c5f1a7f09c0eb1173866805d","name":"admin","url":"https:\/\/www.matrix.es\/en\/author\/admin"}]}},"_links":{"self":[{"href":"https:\/\/www.matrix.es\/en\/wp-json\/wp\/v2\/posts\/7247","targetHints":{"allow":["GET"]}}],"collection":[{"href":"https:\/\/www.matrix.es\/en\/wp-json\/wp\/v2\/posts"}],"about":[{"href":"https:\/\/www.matrix.es\/en\/wp-json\/wp\/v2\/types\/post"}],"author":[{"embeddable":true,"href":"https:\/\/www.matrix.es\/en\/wp-json\/wp\/v2\/users\/1"}],"replies":[{"embeddable":true,"href":"https:\/\/www.matrix.es\/en\/wp-json\/wp\/v2\/comments?post=7247"}],"version-history":[{"count":0,"href":"https:\/\/www.matrix.es\/en\/wp-json\/wp\/v2\/posts\/7247\/revisions"}],"wp:featuredmedia":[{"embeddable":true,"href":"https:\/\/www.matrix.es\/en\/wp-json\/wp\/v2\/media\/6957"}],"wp:attachment":[{"href":"https:\/\/www.matrix.es\/en\/wp-json\/wp\/v2\/media?parent=7247"}],"wp:term":[{"taxonomy":"category","embeddable":true,"href":"https:\/\/www.matrix.es\/en\/wp-json\/wp\/v2\/categories?post=7247"},{"taxonomy":"post_tag","embeddable":true,"href":"https:\/\/www.matrix.es\/en\/wp-json\/wp\/v2\/tags?post=7247"}],"curies":[{"name":"wp","href":"https:\/\/api.w.org\/{rel}","templated":true}]}}