{"id":35927,"date":"2024-04-15T12:34:01","date_gmt":"2024-04-15T10:34:01","guid":{"rendered":"https:\/\/www.matrix.es\/uncategorized\/te-esperamos-en-mubil-mobility-expo"},"modified":"2024-04-15T13:05:40","modified_gmt":"2024-04-15T11:05:40","slug":"we-look-forward-to-seeing-you-at-mubil-mobility-expo","status":"publish","type":"post","link":"https:\/\/www.matrix.es\/en\/news-and-seminars\/we-look-forward-to-seeing-you-at-mubil-mobility-expo","title":{"rendered":"We look forward to seeing you at Mubil Mobility Expo!"},"content":{"rendered":"<h1><a href=\"https:\/\/publicalt.xeria.es\/mubil_mobility_expo\/es\/register\/registerpage\/visitantes?Invitationguid=c730cd1b-0324-4643-a12f-511af6c97dd4\"><img loading=\"lazy\" decoding=\"async\" class=\"alignleft wp-image-35935 size-large\" title=\"Mubil Mobility Expo\" src=\"https:\/\/www.matrix.es\/wp-content\/uploads\/2024\/04\/1200x627px-EN-1030x538.jpg\" alt=\"\" width=\"1030\" height=\"538\" srcset=\"https:\/\/www.matrix.es\/wp-content\/uploads\/2024\/04\/1200x627px-EN-1030x538.jpg 1030w, https:\/\/www.matrix.es\/wp-content\/uploads\/2024\/04\/1200x627px-EN-300x157.jpg 300w, https:\/\/www.matrix.es\/wp-content\/uploads\/2024\/04\/1200x627px-EN-768x401.jpg 768w, https:\/\/www.matrix.es\/wp-content\/uploads\/2024\/04\/1200x627px-EN-705x368.jpg 705w, https:\/\/www.matrix.es\/wp-content\/uploads\/2024\/04\/1200x627px-EN-200x104.jpg 200w, https:\/\/www.matrix.es\/wp-content\/uploads\/2024\/04\/1200x627px-EN-400x209.jpg 400w, https:\/\/www.matrix.es\/wp-content\/uploads\/2024\/04\/1200x627px-EN.jpg 1201w\" sizes=\"auto, (max-width: 1030px) 100vw, 1030px\" \/><\/a><\/h1>\n<hr \/>\n<h2><strong>MUBIL MOBILITY EXPO &#8211; 17 and 18 April: discover the latest solutions in sustainable mobility<\/strong><\/h2>\n<p>We will be exhibiting at the 4th edition of <a href=\"https:\/\/www.mubilexpo.eus\/\"><strong>MUBIL MOBILITY EXPO<\/strong><\/a>, the leading trade fair for the sustainable mobility industry in Southern Europe.<\/p>\n<p>Visit our <strong>stand 3-31<\/strong> and discover the latest solutions for transport, how to optimise the efficiency and safety of your transport operations with our technological solutions and the latest trends in digitalisation and automation for the transport industry.<\/p>\n<ul>\n<li>Mobility for transport and electric vehicles.<\/li>\n<li>4G\/5G\/WiFi and GPS antennas for transport.<\/li>\n<li>Railway communication solutions, switches<\/li>\n<li>Storage and vision.<\/li>\n<\/ul>\n<h3 style=\"color: #3366ff;\"><a style=\"color: #3366ff;\" href=\"https:\/\/publicalt.xeria.es\/mubil_mobility_expo\/es\/register\/registerpage\/visitantes?Invitationguid=c730cd1b-0324-4643-a12f-511af6c97dd4\" target=\"_blank\" rel=\"noopener noreferrer\"><strong>Register now and get your accreditation!<\/strong><\/a><\/h3>\n","protected":false},"excerpt":{"rendered":"<p>MUBIL MOBILITY EXPO &#8211; 17 and 18 April: discover the latest solutions in sustainable mobility We will be exhibiting at the 4th edition of MUBIL MOBILITY EXPO, the leading trade fair for the sustainable mobility industry in Southern Europe. Visit our stand 3-31 and discover the latest solutions for transport, how to optimise the efficiency [&hellip;]<\/p>\n","protected":false},"author":1,"featured_media":35943,"comment_status":"closed","ping_status":"closed","sticky":false,"template":"","format":"standard","meta":{"footnotes":""},"categories":[2160,566],"tags":[],"class_list":["post-35927","post","type-post","status-publish","format-standard","has-post-thumbnail","hentry","category-events","category-news-and-seminars"],"yoast_head":"<!-- This site is optimized with the Yoast SEO plugin v25.5 - https:\/\/yoast.com\/wordpress\/plugins\/seo\/ -->\n<title>MATRIX electr\u00f3nica en MUBIL MOBILITY EXPO el 17 y 18 de abril<\/title>\n<meta name=\"description\" content=\"MUBIL MOBILITY EXPO - 17 y 18 de abril: descubre las \u00faltimas soluciones en movilidad sostenible. Visita nuestro\u00a0stand 3-31\" \/>\n<meta name=\"robots\" content=\"index, follow, max-snippet:-1, max-image-preview:large, max-video-preview:-1\" \/>\n<link rel=\"canonical\" href=\"https:\/\/www.matrix.es\/en\/news-and-seminars\/we-look-forward-to-seeing-you-at-mubil-mobility-expo\" \/>\n<meta property=\"og:locale\" content=\"en_US\" \/>\n<meta property=\"og:type\" content=\"article\" \/>\n<meta property=\"og:title\" content=\"MATRIX electr\u00f3nica en MUBIL MOBILITY EXPO el 17 y 18 de abril\" \/>\n<meta property=\"og:description\" content=\"MUBIL MOBILITY EXPO - 17 y 18 de abril: descubre las \u00faltimas soluciones en movilidad sostenible. Visita nuestro\u00a0stand 3-31\" \/>\n<meta property=\"og:url\" content=\"https:\/\/www.matrix.es\/en\/news-and-seminars\/we-look-forward-to-seeing-you-at-mubil-mobility-expo\" \/>\n<meta property=\"og:site_name\" content=\"MATRIX electr\u00f3nica\" \/>\n<meta property=\"article:published_time\" content=\"2024-04-15T10:34:01+00:00\" \/>\n<meta property=\"article:modified_time\" content=\"2024-04-15T11:05:40+00:00\" \/>\n<meta property=\"og:image\" content=\"https:\/\/www.matrix.es\/wp-content\/uploads\/2024\/04\/Mubil-Mobility-Expo-EN-1.png\" \/>\n\t<meta property=\"og:image:width\" content=\"600\" \/>\n\t<meta property=\"og:image:height\" content=\"475\" \/>\n\t<meta property=\"og:image:type\" content=\"image\/png\" \/>\n<meta name=\"author\" content=\"admin\" \/>\n<meta name=\"twitter:card\" content=\"summary_large_image\" \/>\n<meta name=\"twitter:label1\" content=\"Written by\" \/>\n\t<meta name=\"twitter:data1\" content=\"admin\" \/>\n\t<meta name=\"twitter:label2\" content=\"Est. reading time\" \/>\n\t<meta name=\"twitter:data2\" content=\"1 minute\" \/>\n<script type=\"application\/ld+json\" class=\"yoast-schema-graph\">{\"@context\":\"https:\/\/schema.org\",\"@graph\":[{\"@type\":\"Article\",\"@id\":\"https:\/\/www.matrix.es\/en\/news-and-seminars\/we-look-forward-to-seeing-you-at-mubil-mobility-expo#article\",\"isPartOf\":{\"@id\":\"https:\/\/www.matrix.es\/en\/news-and-seminars\/we-look-forward-to-seeing-you-at-mubil-mobility-expo\"},\"author\":{\"name\":\"admin\",\"@id\":\"https:\/\/www.matrix.es\/#\/schema\/person\/763740c3c5f1a7f09c0eb1173866805d\"},\"headline\":\"We look forward to seeing you at Mubil Mobility Expo!\",\"datePublished\":\"2024-04-15T10:34:01+00:00\",\"dateModified\":\"2024-04-15T11:05:40+00:00\",\"mainEntityOfPage\":{\"@id\":\"https:\/\/www.matrix.es\/en\/news-and-seminars\/we-look-forward-to-seeing-you-at-mubil-mobility-expo\"},\"wordCount\":112,\"publisher\":{\"@id\":\"https:\/\/www.matrix.es\/#organization\"},\"image\":{\"@id\":\"https:\/\/www.matrix.es\/en\/news-and-seminars\/we-look-forward-to-seeing-you-at-mubil-mobility-expo#primaryimage\"},\"thumbnailUrl\":\"https:\/\/www.matrix.es\/wp-content\/uploads\/2024\/04\/Mubil-Mobility-Expo-EN-1.png\",\"articleSection\":[\"Events\",\"Novedades y Formacion\"],\"inLanguage\":\"en-US\"},{\"@type\":\"WebPage\",\"@id\":\"https:\/\/www.matrix.es\/en\/news-and-seminars\/we-look-forward-to-seeing-you-at-mubil-mobility-expo\",\"url\":\"https:\/\/www.matrix.es\/en\/news-and-seminars\/we-look-forward-to-seeing-you-at-mubil-mobility-expo\",\"name\":\"MATRIX electr\u00f3nica en MUBIL MOBILITY EXPO el 17 y 18 de abril\",\"isPartOf\":{\"@id\":\"https:\/\/www.matrix.es\/#website\"},\"primaryImageOfPage\":{\"@id\":\"https:\/\/www.matrix.es\/en\/news-and-seminars\/we-look-forward-to-seeing-you-at-mubil-mobility-expo#primaryimage\"},\"image\":{\"@id\":\"https:\/\/www.matrix.es\/en\/news-and-seminars\/we-look-forward-to-seeing-you-at-mubil-mobility-expo#primaryimage\"},\"thumbnailUrl\":\"https:\/\/www.matrix.es\/wp-content\/uploads\/2024\/04\/Mubil-Mobility-Expo-EN-1.png\",\"datePublished\":\"2024-04-15T10:34:01+00:00\",\"dateModified\":\"2024-04-15T11:05:40+00:00\",\"description\":\"MUBIL MOBILITY EXPO - 17 y 18 de abril: descubre las \u00faltimas soluciones en movilidad sostenible. Visita nuestro\u00a0stand 3-31\",\"breadcrumb\":{\"@id\":\"https:\/\/www.matrix.es\/en\/news-and-seminars\/we-look-forward-to-seeing-you-at-mubil-mobility-expo#breadcrumb\"},\"inLanguage\":\"en-US\",\"potentialAction\":[{\"@type\":\"ReadAction\",\"target\":[\"https:\/\/www.matrix.es\/en\/news-and-seminars\/we-look-forward-to-seeing-you-at-mubil-mobility-expo\"]}]},{\"@type\":\"ImageObject\",\"inLanguage\":\"en-US\",\"@id\":\"https:\/\/www.matrix.es\/en\/news-and-seminars\/we-look-forward-to-seeing-you-at-mubil-mobility-expo#primaryimage\",\"url\":\"https:\/\/www.matrix.es\/wp-content\/uploads\/2024\/04\/Mubil-Mobility-Expo-EN-1.png\",\"contentUrl\":\"https:\/\/www.matrix.es\/wp-content\/uploads\/2024\/04\/Mubil-Mobility-Expo-EN-1.png\",\"width\":600,\"height\":475},{\"@type\":\"BreadcrumbList\",\"@id\":\"https:\/\/www.matrix.es\/en\/news-and-seminars\/we-look-forward-to-seeing-you-at-mubil-mobility-expo#breadcrumb\",\"itemListElement\":[{\"@type\":\"ListItem\",\"position\":1,\"name\":\"Portada\",\"item\":\"https:\/\/www.matrix.es\/en\"},{\"@type\":\"ListItem\",\"position\":2,\"name\":\"We look forward to seeing you at Mubil Mobility Expo!\"}]},{\"@type\":\"WebSite\",\"@id\":\"https:\/\/www.matrix.es\/#website\",\"url\":\"https:\/\/www.matrix.es\/\",\"name\":\"MATRIX electr\u00f3nica\",\"description\":\"Componentes, m\u00f3dulos y dispositivos electr\u00f3nicos para dise\u00f1adores e integradores de sistemas\",\"publisher\":{\"@id\":\"https:\/\/www.matrix.es\/#organization\"},\"potentialAction\":[{\"@type\":\"SearchAction\",\"target\":{\"@type\":\"EntryPoint\",\"urlTemplate\":\"https:\/\/www.matrix.es\/?s={search_term_string}\"},\"query-input\":{\"@type\":\"PropertyValueSpecification\",\"valueRequired\":true,\"valueName\":\"search_term_string\"}}],\"inLanguage\":\"en-US\"},{\"@type\":\"Organization\",\"@id\":\"https:\/\/www.matrix.es\/#organization\",\"name\":\"MATRIX Electronica, S.L.\",\"url\":\"https:\/\/www.matrix.es\/\",\"logo\":{\"@type\":\"ImageObject\",\"inLanguage\":\"en-US\",\"@id\":\"https:\/\/www.matrix.es\/#\/schema\/logo\/image\/\",\"url\":\"https:\/\/www.matrix.es\/wp-content\/uploads\/2022\/01\/Logo.png\",\"contentUrl\":\"https:\/\/www.matrix.es\/wp-content\/uploads\/2022\/01\/Logo.png\",\"width\":286,\"height\":120,\"caption\":\"MATRIX Electronica, S.L.\"},\"image\":{\"@id\":\"https:\/\/www.matrix.es\/#\/schema\/logo\/image\/\"}},{\"@type\":\"Person\",\"@id\":\"https:\/\/www.matrix.es\/#\/schema\/person\/763740c3c5f1a7f09c0eb1173866805d\",\"name\":\"admin\",\"url\":\"https:\/\/www.matrix.es\/en\/author\/admin\"}]}<\/script>\n<!-- \/ Yoast SEO plugin. -->","yoast_head_json":{"title":"MATRIX electr\u00f3nica en MUBIL MOBILITY EXPO el 17 y 18 de abril","description":"MUBIL MOBILITY EXPO - 17 y 18 de abril: descubre las \u00faltimas soluciones en movilidad sostenible. Visita nuestro\u00a0stand 3-31","robots":{"index":"index","follow":"follow","max-snippet":"max-snippet:-1","max-image-preview":"max-image-preview:large","max-video-preview":"max-video-preview:-1"},"canonical":"https:\/\/www.matrix.es\/en\/news-and-seminars\/we-look-forward-to-seeing-you-at-mubil-mobility-expo","og_locale":"en_US","og_type":"article","og_title":"MATRIX electr\u00f3nica en MUBIL MOBILITY EXPO el 17 y 18 de abril","og_description":"MUBIL MOBILITY EXPO - 17 y 18 de abril: descubre las \u00faltimas soluciones en movilidad sostenible. Visita nuestro\u00a0stand 3-31","og_url":"https:\/\/www.matrix.es\/en\/news-and-seminars\/we-look-forward-to-seeing-you-at-mubil-mobility-expo","og_site_name":"MATRIX electr\u00f3nica","article_published_time":"2024-04-15T10:34:01+00:00","article_modified_time":"2024-04-15T11:05:40+00:00","og_image":[{"width":600,"height":475,"url":"https:\/\/www.matrix.es\/wp-content\/uploads\/2024\/04\/Mubil-Mobility-Expo-EN-1.png","type":"image\/png"}],"author":"admin","twitter_card":"summary_large_image","twitter_misc":{"Written by":"admin","Est. reading time":"1 minute"},"schema":{"@context":"https:\/\/schema.org","@graph":[{"@type":"Article","@id":"https:\/\/www.matrix.es\/en\/news-and-seminars\/we-look-forward-to-seeing-you-at-mubil-mobility-expo#article","isPartOf":{"@id":"https:\/\/www.matrix.es\/en\/news-and-seminars\/we-look-forward-to-seeing-you-at-mubil-mobility-expo"},"author":{"name":"admin","@id":"https:\/\/www.matrix.es\/#\/schema\/person\/763740c3c5f1a7f09c0eb1173866805d"},"headline":"We look forward to seeing you at Mubil Mobility Expo!","datePublished":"2024-04-15T10:34:01+00:00","dateModified":"2024-04-15T11:05:40+00:00","mainEntityOfPage":{"@id":"https:\/\/www.matrix.es\/en\/news-and-seminars\/we-look-forward-to-seeing-you-at-mubil-mobility-expo"},"wordCount":112,"publisher":{"@id":"https:\/\/www.matrix.es\/#organization"},"image":{"@id":"https:\/\/www.matrix.es\/en\/news-and-seminars\/we-look-forward-to-seeing-you-at-mubil-mobility-expo#primaryimage"},"thumbnailUrl":"https:\/\/www.matrix.es\/wp-content\/uploads\/2024\/04\/Mubil-Mobility-Expo-EN-1.png","articleSection":["Events","Novedades y Formacion"],"inLanguage":"en-US"},{"@type":"WebPage","@id":"https:\/\/www.matrix.es\/en\/news-and-seminars\/we-look-forward-to-seeing-you-at-mubil-mobility-expo","url":"https:\/\/www.matrix.es\/en\/news-and-seminars\/we-look-forward-to-seeing-you-at-mubil-mobility-expo","name":"MATRIX electr\u00f3nica en MUBIL MOBILITY EXPO el 17 y 18 de abril","isPartOf":{"@id":"https:\/\/www.matrix.es\/#website"},"primaryImageOfPage":{"@id":"https:\/\/www.matrix.es\/en\/news-and-seminars\/we-look-forward-to-seeing-you-at-mubil-mobility-expo#primaryimage"},"image":{"@id":"https:\/\/www.matrix.es\/en\/news-and-seminars\/we-look-forward-to-seeing-you-at-mubil-mobility-expo#primaryimage"},"thumbnailUrl":"https:\/\/www.matrix.es\/wp-content\/uploads\/2024\/04\/Mubil-Mobility-Expo-EN-1.png","datePublished":"2024-04-15T10:34:01+00:00","dateModified":"2024-04-15T11:05:40+00:00","description":"MUBIL MOBILITY EXPO - 17 y 18 de abril: descubre las \u00faltimas soluciones en movilidad sostenible. Visita nuestro\u00a0stand 3-31","breadcrumb":{"@id":"https:\/\/www.matrix.es\/en\/news-and-seminars\/we-look-forward-to-seeing-you-at-mubil-mobility-expo#breadcrumb"},"inLanguage":"en-US","potentialAction":[{"@type":"ReadAction","target":["https:\/\/www.matrix.es\/en\/news-and-seminars\/we-look-forward-to-seeing-you-at-mubil-mobility-expo"]}]},{"@type":"ImageObject","inLanguage":"en-US","@id":"https:\/\/www.matrix.es\/en\/news-and-seminars\/we-look-forward-to-seeing-you-at-mubil-mobility-expo#primaryimage","url":"https:\/\/www.matrix.es\/wp-content\/uploads\/2024\/04\/Mubil-Mobility-Expo-EN-1.png","contentUrl":"https:\/\/www.matrix.es\/wp-content\/uploads\/2024\/04\/Mubil-Mobility-Expo-EN-1.png","width":600,"height":475},{"@type":"BreadcrumbList","@id":"https:\/\/www.matrix.es\/en\/news-and-seminars\/we-look-forward-to-seeing-you-at-mubil-mobility-expo#breadcrumb","itemListElement":[{"@type":"ListItem","position":1,"name":"Portada","item":"https:\/\/www.matrix.es\/en"},{"@type":"ListItem","position":2,"name":"We look forward to seeing you at Mubil Mobility Expo!"}]},{"@type":"WebSite","@id":"https:\/\/www.matrix.es\/#website","url":"https:\/\/www.matrix.es\/","name":"MATRIX electr\u00f3nica","description":"Componentes, m\u00f3dulos y dispositivos electr\u00f3nicos para dise\u00f1adores e integradores de sistemas","publisher":{"@id":"https:\/\/www.matrix.es\/#organization"},"potentialAction":[{"@type":"SearchAction","target":{"@type":"EntryPoint","urlTemplate":"https:\/\/www.matrix.es\/?s={search_term_string}"},"query-input":{"@type":"PropertyValueSpecification","valueRequired":true,"valueName":"search_term_string"}}],"inLanguage":"en-US"},{"@type":"Organization","@id":"https:\/\/www.matrix.es\/#organization","name":"MATRIX Electronica, S.L.","url":"https:\/\/www.matrix.es\/","logo":{"@type":"ImageObject","inLanguage":"en-US","@id":"https:\/\/www.matrix.es\/#\/schema\/logo\/image\/","url":"https:\/\/www.matrix.es\/wp-content\/uploads\/2022\/01\/Logo.png","contentUrl":"https:\/\/www.matrix.es\/wp-content\/uploads\/2022\/01\/Logo.png","width":286,"height":120,"caption":"MATRIX Electronica, S.L."},"image":{"@id":"https:\/\/www.matrix.es\/#\/schema\/logo\/image\/"}},{"@type":"Person","@id":"https:\/\/www.matrix.es\/#\/schema\/person\/763740c3c5f1a7f09c0eb1173866805d","name":"admin","url":"https:\/\/www.matrix.es\/en\/author\/admin"}]}},"_links":{"self":[{"href":"https:\/\/www.matrix.es\/en\/wp-json\/wp\/v2\/posts\/35927","targetHints":{"allow":["GET"]}}],"collection":[{"href":"https:\/\/www.matrix.es\/en\/wp-json\/wp\/v2\/posts"}],"about":[{"href":"https:\/\/www.matrix.es\/en\/wp-json\/wp\/v2\/types\/post"}],"author":[{"embeddable":true,"href":"https:\/\/www.matrix.es\/en\/wp-json\/wp\/v2\/users\/1"}],"replies":[{"embeddable":true,"href":"https:\/\/www.matrix.es\/en\/wp-json\/wp\/v2\/comments?post=35927"}],"version-history":[{"count":0,"href":"https:\/\/www.matrix.es\/en\/wp-json\/wp\/v2\/posts\/35927\/revisions"}],"wp:featuredmedia":[{"embeddable":true,"href":"https:\/\/www.matrix.es\/en\/wp-json\/wp\/v2\/media\/35943"}],"wp:attachment":[{"href":"https:\/\/www.matrix.es\/en\/wp-json\/wp\/v2\/media?parent=35927"}],"wp:term":[{"taxonomy":"category","embeddable":true,"href":"https:\/\/www.matrix.es\/en\/wp-json\/wp\/v2\/categories?post=35927"},{"taxonomy":"post_tag","embeddable":true,"href":"https:\/\/www.matrix.es\/en\/wp-json\/wp\/v2\/tags?post=35927"}],"curies":[{"name":"wp","href":"https:\/\/api.w.org\/{rel}","templated":true}]}}