{"id":16337,"date":"2018-05-09T08:51:52","date_gmt":"2018-05-09T08:51:52","guid":{"rendered":"http:\/\/www.matrix.es\/en\/uncategorized\/16333"},"modified":"2018-05-09T08:59:52","modified_gmt":"2018-05-09T08:59:52","slug":"16333","status":"publish","type":"post","link":"https:\/\/www.matrix.es\/en\/uncategorized\/16333","title":{"rendered":"IoT trends MTX seminar in Durango"},"content":{"rendered":"<p><img loading=\"lazy\" decoding=\"async\" class=\"alignnone wp-image-16334 size-full\" src=\"http:\/\/www.matrix.es\/wp-content\/uploads\/2018\/05\/Seminario-MTX-2018-1.jpg\" alt=\"\" width=\"959\" height=\"264\" srcset=\"https:\/\/www.matrix.es\/wp-content\/uploads\/2018\/05\/Seminario-MTX-2018-1.jpg 959w, https:\/\/www.matrix.es\/wp-content\/uploads\/2018\/05\/Seminario-MTX-2018-1-200x55.jpg 200w, https:\/\/www.matrix.es\/wp-content\/uploads\/2018\/05\/Seminario-MTX-2018-1-400x110.jpg 400w, https:\/\/www.matrix.es\/wp-content\/uploads\/2018\/05\/Seminario-MTX-2018-1-300x83.jpg 300w, https:\/\/www.matrix.es\/wp-content\/uploads\/2018\/05\/Seminario-MTX-2018-1-768x211.jpg 768w, https:\/\/www.matrix.es\/wp-content\/uploads\/2018\/05\/Seminario-MTX-2018-1-705x194.jpg 705w\" sizes=\"auto, (max-width: 959px) 100vw, 959px\" \/><\/p>\n<p>Durango will be the last stop of the IoT trends MTX seminar, closing the tour on May 31st, after its editions in Valencia, Barcelona, Madrid and Seville. As its predecessors, this seminar is\u00a0for all of you who have an IoT project and want to know the direction Internet of Things is heading to.<\/p>\n<p>The seminar, by the MTX Product Manager and Applications Engineer, will include a talk about the present and future of 2G, 3G and 4G\/LTE networks, as well as a presentation of the latest MTX products: the new modem\u00a0<strong><a href=\"http:\/\/mtxm2m.com\/en\/product\/modems\/mtx-3g-java-iot-family\">MTX-Java-IoT<\/a><\/strong>, compatible with MTX-Tunnel software;\u00a0<strong><a href=\"http:\/\/mtxm2m.com\/en\/product\/routers\/mtx-router-titan-ii-gsm-gprs-3g-4g\">MTX-Router-Titan II<\/a><\/strong>, the new member of the Titan family; and the\u00a0<strong><a href=\"http:\/\/mtxm2m.com\/en\/product\/device-manager-en\/cervello-device-manager\">Cervello<\/a><\/strong>, the new cloud platform for IoT applications. Also, the seminar will feature demonstrations and practical cases for IoT solutions with MTX products. The atendees will be able to ask questions at a round table.<\/p>\n<p>The location of the seminar will be announced soon, and will happen on\u00a0May 31st from 9:30 to 13:30h.<\/p>\n<p>If you want to attend, please\u00a0<strong><a href=\"\/?page_id=16328\">register on this link<\/a><\/strong>\u00a0(Spanish), where you can also suggest topics for the seminar. Don&#8217;t miss the last opportunity to attend to our seminar!<\/p>\n","protected":false},"excerpt":{"rendered":"<p>Durango will be the last stop of the IoT trends MTX seminar, closing the tour on May 31st, after its editions in Valencia, Barcelona, Madrid and Seville. As its predecessors, this seminar is\u00a0for all of you who have an IoT project and want to know the direction Internet of Things is heading to. The seminar, [&hellip;]<\/p>\n","protected":false},"author":1,"featured_media":16335,"comment_status":"closed","ping_status":"closed","sticky":false,"template":"","format":"standard","meta":{"footnotes":""},"categories":[566,565,1030,536,567],"tags":[],"class_list":["post-16337","post","type-post","status-publish","format-standard","has-post-thumbnail","hentry","category-news-and-seminars","category-seminars","category-latest-news_","category-uncategorized","category-upcoming-seminars"],"yoast_head":"<!-- This site is optimized with the Yoast SEO plugin v25.5 - https:\/\/yoast.com\/wordpress\/plugins\/seo\/ -->\n<title>IoT trends MTX seminar in Durango - MATRIX electr\u00f3nica<\/title>\n<meta name=\"robots\" content=\"index, follow, max-snippet:-1, max-image-preview:large, max-video-preview:-1\" \/>\n<link rel=\"canonical\" href=\"https:\/\/www.matrix.es\/en\/uncategorized\/16333\" \/>\n<meta property=\"og:locale\" content=\"en_US\" \/>\n<meta property=\"og:type\" content=\"article\" \/>\n<meta property=\"og:title\" content=\"IoT trends MTX seminar in Durango - MATRIX electr\u00f3nica\" \/>\n<meta property=\"og:description\" content=\"Durango will be the last stop of the IoT trends MTX seminar, closing the tour on May 31st, after its editions in Valencia, Barcelona, Madrid and Seville. As its predecessors, this seminar is\u00a0for all of you who have an IoT project and want to know the direction Internet of Things is heading to. The seminar, [&hellip;]\" \/>\n<meta property=\"og:url\" content=\"https:\/\/www.matrix.es\/en\/uncategorized\/16333\" \/>\n<meta property=\"og:site_name\" content=\"MATRIX electr\u00f3nica\" \/>\n<meta property=\"article:published_time\" content=\"2018-05-09T08:51:52+00:00\" \/>\n<meta property=\"article:modified_time\" content=\"2018-05-09T08:59:52+00:00\" \/>\n<meta property=\"og:image\" content=\"https:\/\/www.matrix.es\/wp-content\/uploads\/2018\/05\/Seminario-MTX-2018-1.jpg\" \/>\n\t<meta property=\"og:image:width\" content=\"959\" \/>\n\t<meta property=\"og:image:height\" content=\"264\" \/>\n\t<meta property=\"og:image:type\" content=\"image\/jpeg\" \/>\n<meta name=\"author\" content=\"admin\" \/>\n<meta name=\"twitter:card\" content=\"summary_large_image\" \/>\n<meta name=\"twitter:label1\" content=\"Written by\" \/>\n\t<meta name=\"twitter:data1\" content=\"admin\" \/>\n\t<meta name=\"twitter:label2\" content=\"Est. reading time\" \/>\n\t<meta name=\"twitter:data2\" content=\"1 minute\" \/>\n<script type=\"application\/ld+json\" class=\"yoast-schema-graph\">{\"@context\":\"https:\/\/schema.org\",\"@graph\":[{\"@type\":\"Article\",\"@id\":\"https:\/\/www.matrix.es\/en\/uncategorized\/16333#article\",\"isPartOf\":{\"@id\":\"https:\/\/www.matrix.es\/en\/uncategorized\/16333\"},\"author\":{\"name\":\"admin\",\"@id\":\"https:\/\/www.matrix.es\/#\/schema\/person\/763740c3c5f1a7f09c0eb1173866805d\"},\"headline\":\"IoT trends MTX seminar in Durango\",\"datePublished\":\"2018-05-09T08:51:52+00:00\",\"dateModified\":\"2018-05-09T08:59:52+00:00\",\"mainEntityOfPage\":{\"@id\":\"https:\/\/www.matrix.es\/en\/uncategorized\/16333\"},\"wordCount\":198,\"publisher\":{\"@id\":\"https:\/\/www.matrix.es\/#organization\"},\"image\":{\"@id\":\"https:\/\/www.matrix.es\/en\/uncategorized\/16333#primaryimage\"},\"thumbnailUrl\":\"https:\/\/www.matrix.es\/wp-content\/uploads\/2018\/05\/Seminario-MTX-2018-1.jpg\",\"articleSection\":{\"0\":\"Novedades y Formacion\",\"1\":\"Seminars\",\"2\":\"Ultimas-Novedades\",\"4\":\"Upcoming seminars\"},\"inLanguage\":\"en-US\"},{\"@type\":\"WebPage\",\"@id\":\"https:\/\/www.matrix.es\/en\/uncategorized\/16333\",\"url\":\"https:\/\/www.matrix.es\/en\/uncategorized\/16333\",\"name\":\"IoT trends MTX seminar in Durango - MATRIX electr\u00f3nica\",\"isPartOf\":{\"@id\":\"https:\/\/www.matrix.es\/#website\"},\"primaryImageOfPage\":{\"@id\":\"https:\/\/www.matrix.es\/en\/uncategorized\/16333#primaryimage\"},\"image\":{\"@id\":\"https:\/\/www.matrix.es\/en\/uncategorized\/16333#primaryimage\"},\"thumbnailUrl\":\"https:\/\/www.matrix.es\/wp-content\/uploads\/2018\/05\/Seminario-MTX-2018-1.jpg\",\"datePublished\":\"2018-05-09T08:51:52+00:00\",\"dateModified\":\"2018-05-09T08:59:52+00:00\",\"breadcrumb\":{\"@id\":\"https:\/\/www.matrix.es\/en\/uncategorized\/16333#breadcrumb\"},\"inLanguage\":\"en-US\",\"potentialAction\":[{\"@type\":\"ReadAction\",\"target\":[\"https:\/\/www.matrix.es\/en\/uncategorized\/16333\"]}]},{\"@type\":\"ImageObject\",\"inLanguage\":\"en-US\",\"@id\":\"https:\/\/www.matrix.es\/en\/uncategorized\/16333#primaryimage\",\"url\":\"https:\/\/www.matrix.es\/wp-content\/uploads\/2018\/05\/Seminario-MTX-2018-1.jpg\",\"contentUrl\":\"https:\/\/www.matrix.es\/wp-content\/uploads\/2018\/05\/Seminario-MTX-2018-1.jpg\",\"width\":959,\"height\":264},{\"@type\":\"BreadcrumbList\",\"@id\":\"https:\/\/www.matrix.es\/en\/uncategorized\/16333#breadcrumb\",\"itemListElement\":[{\"@type\":\"ListItem\",\"position\":1,\"name\":\"Portada\",\"item\":\"https:\/\/www.matrix.es\/en\"},{\"@type\":\"ListItem\",\"position\":2,\"name\":\"IoT trends MTX seminar in Durango\"}]},{\"@type\":\"WebSite\",\"@id\":\"https:\/\/www.matrix.es\/#website\",\"url\":\"https:\/\/www.matrix.es\/\",\"name\":\"MATRIX electr\u00f3nica\",\"description\":\"Componentes, m\u00f3dulos y dispositivos electr\u00f3nicos para dise\u00f1adores e integradores de sistemas\",\"publisher\":{\"@id\":\"https:\/\/www.matrix.es\/#organization\"},\"potentialAction\":[{\"@type\":\"SearchAction\",\"target\":{\"@type\":\"EntryPoint\",\"urlTemplate\":\"https:\/\/www.matrix.es\/?s={search_term_string}\"},\"query-input\":{\"@type\":\"PropertyValueSpecification\",\"valueRequired\":true,\"valueName\":\"search_term_string\"}}],\"inLanguage\":\"en-US\"},{\"@type\":\"Organization\",\"@id\":\"https:\/\/www.matrix.es\/#organization\",\"name\":\"MATRIX Electronica, S.L.\",\"url\":\"https:\/\/www.matrix.es\/\",\"logo\":{\"@type\":\"ImageObject\",\"inLanguage\":\"en-US\",\"@id\":\"https:\/\/www.matrix.es\/#\/schema\/logo\/image\/\",\"url\":\"https:\/\/www.matrix.es\/wp-content\/uploads\/2022\/01\/Logo.png\",\"contentUrl\":\"https:\/\/www.matrix.es\/wp-content\/uploads\/2022\/01\/Logo.png\",\"width\":286,\"height\":120,\"caption\":\"MATRIX Electronica, S.L.\"},\"image\":{\"@id\":\"https:\/\/www.matrix.es\/#\/schema\/logo\/image\/\"}},{\"@type\":\"Person\",\"@id\":\"https:\/\/www.matrix.es\/#\/schema\/person\/763740c3c5f1a7f09c0eb1173866805d\",\"name\":\"admin\",\"url\":\"https:\/\/www.matrix.es\/en\/author\/admin\"}]}<\/script>\n<!-- \/ Yoast SEO plugin. -->","yoast_head_json":{"title":"IoT trends MTX seminar in Durango - MATRIX electr\u00f3nica","robots":{"index":"index","follow":"follow","max-snippet":"max-snippet:-1","max-image-preview":"max-image-preview:large","max-video-preview":"max-video-preview:-1"},"canonical":"https:\/\/www.matrix.es\/en\/uncategorized\/16333","og_locale":"en_US","og_type":"article","og_title":"IoT trends MTX seminar in Durango - MATRIX electr\u00f3nica","og_description":"Durango will be the last stop of the IoT trends MTX seminar, closing the tour on May 31st, after its editions in Valencia, Barcelona, Madrid and Seville. As its predecessors, this seminar is\u00a0for all of you who have an IoT project and want to know the direction Internet of Things is heading to. The seminar, [&hellip;]","og_url":"https:\/\/www.matrix.es\/en\/uncategorized\/16333","og_site_name":"MATRIX electr\u00f3nica","article_published_time":"2018-05-09T08:51:52+00:00","article_modified_time":"2018-05-09T08:59:52+00:00","og_image":[{"width":959,"height":264,"url":"https:\/\/www.matrix.es\/wp-content\/uploads\/2018\/05\/Seminario-MTX-2018-1.jpg","type":"image\/jpeg"}],"author":"admin","twitter_card":"summary_large_image","twitter_misc":{"Written by":"admin","Est. reading time":"1 minute"},"schema":{"@context":"https:\/\/schema.org","@graph":[{"@type":"Article","@id":"https:\/\/www.matrix.es\/en\/uncategorized\/16333#article","isPartOf":{"@id":"https:\/\/www.matrix.es\/en\/uncategorized\/16333"},"author":{"name":"admin","@id":"https:\/\/www.matrix.es\/#\/schema\/person\/763740c3c5f1a7f09c0eb1173866805d"},"headline":"IoT trends MTX seminar in Durango","datePublished":"2018-05-09T08:51:52+00:00","dateModified":"2018-05-09T08:59:52+00:00","mainEntityOfPage":{"@id":"https:\/\/www.matrix.es\/en\/uncategorized\/16333"},"wordCount":198,"publisher":{"@id":"https:\/\/www.matrix.es\/#organization"},"image":{"@id":"https:\/\/www.matrix.es\/en\/uncategorized\/16333#primaryimage"},"thumbnailUrl":"https:\/\/www.matrix.es\/wp-content\/uploads\/2018\/05\/Seminario-MTX-2018-1.jpg","articleSection":{"0":"Novedades y Formacion","1":"Seminars","2":"Ultimas-Novedades","4":"Upcoming seminars"},"inLanguage":"en-US"},{"@type":"WebPage","@id":"https:\/\/www.matrix.es\/en\/uncategorized\/16333","url":"https:\/\/www.matrix.es\/en\/uncategorized\/16333","name":"IoT trends MTX seminar in Durango - MATRIX electr\u00f3nica","isPartOf":{"@id":"https:\/\/www.matrix.es\/#website"},"primaryImageOfPage":{"@id":"https:\/\/www.matrix.es\/en\/uncategorized\/16333#primaryimage"},"image":{"@id":"https:\/\/www.matrix.es\/en\/uncategorized\/16333#primaryimage"},"thumbnailUrl":"https:\/\/www.matrix.es\/wp-content\/uploads\/2018\/05\/Seminario-MTX-2018-1.jpg","datePublished":"2018-05-09T08:51:52+00:00","dateModified":"2018-05-09T08:59:52+00:00","breadcrumb":{"@id":"https:\/\/www.matrix.es\/en\/uncategorized\/16333#breadcrumb"},"inLanguage":"en-US","potentialAction":[{"@type":"ReadAction","target":["https:\/\/www.matrix.es\/en\/uncategorized\/16333"]}]},{"@type":"ImageObject","inLanguage":"en-US","@id":"https:\/\/www.matrix.es\/en\/uncategorized\/16333#primaryimage","url":"https:\/\/www.matrix.es\/wp-content\/uploads\/2018\/05\/Seminario-MTX-2018-1.jpg","contentUrl":"https:\/\/www.matrix.es\/wp-content\/uploads\/2018\/05\/Seminario-MTX-2018-1.jpg","width":959,"height":264},{"@type":"BreadcrumbList","@id":"https:\/\/www.matrix.es\/en\/uncategorized\/16333#breadcrumb","itemListElement":[{"@type":"ListItem","position":1,"name":"Portada","item":"https:\/\/www.matrix.es\/en"},{"@type":"ListItem","position":2,"name":"IoT trends MTX seminar in Durango"}]},{"@type":"WebSite","@id":"https:\/\/www.matrix.es\/#website","url":"https:\/\/www.matrix.es\/","name":"MATRIX electr\u00f3nica","description":"Componentes, m\u00f3dulos y dispositivos electr\u00f3nicos para dise\u00f1adores e integradores de sistemas","publisher":{"@id":"https:\/\/www.matrix.es\/#organization"},"potentialAction":[{"@type":"SearchAction","target":{"@type":"EntryPoint","urlTemplate":"https:\/\/www.matrix.es\/?s={search_term_string}"},"query-input":{"@type":"PropertyValueSpecification","valueRequired":true,"valueName":"search_term_string"}}],"inLanguage":"en-US"},{"@type":"Organization","@id":"https:\/\/www.matrix.es\/#organization","name":"MATRIX Electronica, S.L.","url":"https:\/\/www.matrix.es\/","logo":{"@type":"ImageObject","inLanguage":"en-US","@id":"https:\/\/www.matrix.es\/#\/schema\/logo\/image\/","url":"https:\/\/www.matrix.es\/wp-content\/uploads\/2022\/01\/Logo.png","contentUrl":"https:\/\/www.matrix.es\/wp-content\/uploads\/2022\/01\/Logo.png","width":286,"height":120,"caption":"MATRIX Electronica, S.L."},"image":{"@id":"https:\/\/www.matrix.es\/#\/schema\/logo\/image\/"}},{"@type":"Person","@id":"https:\/\/www.matrix.es\/#\/schema\/person\/763740c3c5f1a7f09c0eb1173866805d","name":"admin","url":"https:\/\/www.matrix.es\/en\/author\/admin"}]}},"_links":{"self":[{"href":"https:\/\/www.matrix.es\/en\/wp-json\/wp\/v2\/posts\/16337","targetHints":{"allow":["GET"]}}],"collection":[{"href":"https:\/\/www.matrix.es\/en\/wp-json\/wp\/v2\/posts"}],"about":[{"href":"https:\/\/www.matrix.es\/en\/wp-json\/wp\/v2\/types\/post"}],"author":[{"embeddable":true,"href":"https:\/\/www.matrix.es\/en\/wp-json\/wp\/v2\/users\/1"}],"replies":[{"embeddable":true,"href":"https:\/\/www.matrix.es\/en\/wp-json\/wp\/v2\/comments?post=16337"}],"version-history":[{"count":0,"href":"https:\/\/www.matrix.es\/en\/wp-json\/wp\/v2\/posts\/16337\/revisions"}],"wp:featuredmedia":[{"embeddable":true,"href":"https:\/\/www.matrix.es\/en\/wp-json\/wp\/v2\/media\/16335"}],"wp:attachment":[{"href":"https:\/\/www.matrix.es\/en\/wp-json\/wp\/v2\/media?parent=16337"}],"wp:term":[{"taxonomy":"category","embeddable":true,"href":"https:\/\/www.matrix.es\/en\/wp-json\/wp\/v2\/categories?post=16337"},{"taxonomy":"post_tag","embeddable":true,"href":"https:\/\/www.matrix.es\/en\/wp-json\/wp\/v2\/tags?post=16337"}],"curies":[{"name":"wp","href":"https:\/\/api.w.org\/{rel}","templated":true}]}}